{"id":295,"date":"2018-06-07T14:11:22","date_gmt":"2018-06-07T12:11:22","guid":{"rendered":"https:\/\/kofferwelt.at\/blog\/?p=295"},"modified":"2021-10-22T11:54:21","modified_gmt":"2021-10-22T09:54:21","slug":"paul-konopitzky","status":"publish","type":"post","link":"https:\/\/kofferwelt.at\/blog\/paul-konopitzky\/","title":{"rendered":"Paul Konopitzky"},"content":{"rendered":"\n<p><strong>Der neue Mitarbeiter der Kofferwelt stellt sich vor!<\/strong><\/p>\n\n\n\n<p>&#8222;Hallo!! Ich bin Paul, der neue Mitarbeiter der Kofferwelt.<img loading=\"lazy\" decoding=\"async\" role=\"presentation\" width=\"16\" height=\"16\" class=\"img\" src=\"https:\/\/static.xx.fbcdn.net\/images\/emoji.php\/v9\/f7f\/1\/16\/1f60a.png\" alt=\"\">\u00a0Ich bin im Au\u00dfendienst t\u00e4tig und reise f\u00fcr euch um die Welt.\u00a0<span class=\"_5mfr _47e3\"><img loading=\"lazy\" decoding=\"async\" role=\"presentation\" width=\"16\" height=\"16\" class=\"img\" src=\"https:\/\/static.xx.fbcdn.net\/images\/emoji.php\/v9\/f3f\/1\/16\/1f30d.png\" alt=\"\"> Meine besonderen F\u00e4higkeiten sind meine harte Schale, mein weicher Kern und mein freundliches Wesen. W\u00e4hrend meiner Reisen komme ich viel zum Testen, <a href=\"https:\/\/checkpaul.info\/\" target=\"_blank\" rel=\"noreferrer noopener\">alle meine Tests<\/a> fasse ich f\u00fcr euch auf <a href=\"https:\/\/checkpaul.info\/ueber-uns\/\" target=\"_blank\" rel=\"noreferrer noopener\">meinem Blog<\/a> zusammen.\u00a0<\/span><\/p>\n\n\n\n<p><span class=\"_5mfr _47e3\">Solltest du mich mal wo sehen, dann kannst du gerne ein Foto von mir machen, mich mit&nbsp;<a href=\"https:\/\/www.facebook.com\/hashtag\/kofferwelt?source=feed_text\" data-ft=\"{&quot;tn&quot;:&quot;*N&quot;,&quot;type&quot;:104}\" target=\"_blank\" rel=\"noopener\"> #kofferwelt<\/a>&nbsp;auf Instagram markieren und dich \u00fcber eine kleine \u00dcberraschung freuen! <img loading=\"lazy\" decoding=\"async\" class=\"img\" role=\"presentation\" src=\"https:\/\/static.xx.fbcdn.net\/images\/emoji.php\/v9\/f84\/1\/16\/1f381.png\" alt=\"\" width=\"16\" height=\"16\"><\/span><\/p>\n","protected":false},"excerpt":{"rendered":"<p>&#8222;Hallo!! Ich bin Paul, der neue Mitarbeiter der Kofferwelt.\u00a0Ich bin im Au\u00dfendienst t\u00e4tig und reise f\u00fcr euch um die Welt.\u00a0\u00a0Meine besonderen F\u00e4higkeiten sind meine harte Schale, mein weicher Kern und mein freundliches Wesen. Solltest du mich mal wo sehen, dann kannst du gerne ein Foto von mir machen, mich mit\u00a0 #kofferwelt\u00a0auf Instagram markieren und dich \u00fcber eine kleine \u00dcberraschung freuen! <\/p>\n","protected":false},"author":3,"featured_media":296,"comment_status":"closed","ping_status":"closed","sticky":false,"template":"","format":"standard","meta":{"_uag_custom_page_level_css":"","footnotes":""},"categories":[14],"tags":[],"class_list":["post-295","post","type-post","status-publish","format-standard","has-post-thumbnail","hentry","category-tipps"],"uagb_featured_image_src":{"full":["https:\/\/kofferwelt.at\/blog\/wp-content\/uploads\/paulvorlage.jpg",500,300,false],"thumbnail":["https:\/\/kofferwelt.at\/blog\/wp-content\/uploads\/paulvorlage-150x150.jpg",150,150,true],"medium":["https:\/\/kofferwelt.at\/blog\/wp-content\/uploads\/paulvorlage-300x180.jpg",300,180,true],"medium_large":["https:\/\/kofferwelt.at\/blog\/wp-content\/uploads\/paulvorlage.jpg",500,300,false],"large":["https:\/\/kofferwelt.at\/blog\/wp-content\/uploads\/paulvorlage.jpg",500,300,false],"1536x1536":["https:\/\/kofferwelt.at\/blog\/wp-content\/uploads\/paulvorlage.jpg",500,300,false],"2048x2048":["https:\/\/kofferwelt.at\/blog\/wp-content\/uploads\/paulvorlage.jpg",500,300,false]},"uagb_author_info":{"display_name":"Kofferwelt","author_link":"https:\/\/kofferwelt.at\/blog\/author\/c-poeltner\/"},"uagb_comment_info":0,"uagb_excerpt":"\"Hallo!! Ich bin Paul, der neue Mitarbeiter der Kofferwelt.\u00a0Ich bin im Au\u00dfendienst t\u00e4tig und reise f\u00fcr euch um die Welt.\u00a0\u00a0Meine besonderen F\u00e4higkeiten sind meine harte Schale, mein weicher Kern und mein freundliches Wesen. Solltest du mich mal wo sehen, dann kannst du gerne ein Foto von mir machen, mich mit\u00a0 #kofferwelt\u00a0auf Instagram markieren und dich&hellip;","_links":{"self":[{"href":"https:\/\/kofferwelt.at\/blog\/wp-json\/wp\/v2\/posts\/295","targetHints":{"allow":["GET"]}}],"collection":[{"href":"https:\/\/kofferwelt.at\/blog\/wp-json\/wp\/v2\/posts"}],"about":[{"href":"https:\/\/kofferwelt.at\/blog\/wp-json\/wp\/v2\/types\/post"}],"author":[{"embeddable":true,"href":"https:\/\/kofferwelt.at\/blog\/wp-json\/wp\/v2\/users\/3"}],"replies":[{"embeddable":true,"href":"https:\/\/kofferwelt.at\/blog\/wp-json\/wp\/v2\/comments?post=295"}],"version-history":[{"count":2,"href":"https:\/\/kofferwelt.at\/blog\/wp-json\/wp\/v2\/posts\/295\/revisions"}],"predecessor-version":[{"id":1473,"href":"https:\/\/kofferwelt.at\/blog\/wp-json\/wp\/v2\/posts\/295\/revisions\/1473"}],"wp:featuredmedia":[{"embeddable":true,"href":"https:\/\/kofferwelt.at\/blog\/wp-json\/wp\/v2\/media\/296"}],"wp:attachment":[{"href":"https:\/\/kofferwelt.at\/blog\/wp-json\/wp\/v2\/media?parent=295"}],"wp:term":[{"taxonomy":"category","embeddable":true,"href":"https:\/\/kofferwelt.at\/blog\/wp-json\/wp\/v2\/categories?post=295"},{"taxonomy":"post_tag","embeddable":true,"href":"https:\/\/kofferwelt.at\/blog\/wp-json\/wp\/v2\/tags?post=295"}],"curies":[{"name":"wp","href":"https:\/\/api.w.org\/{rel}","templated":true}]}}