{"id":242,"date":"2018-01-16T14:05:34","date_gmt":"2018-01-16T13:05:34","guid":{"rendered":"https:\/\/kofferwelt.at\/blog\/?p=242"},"modified":"2020-01-22T15:55:37","modified_gmt":"2020-01-22T14:55:37","slug":"ergobag-cubo-light-derzeit-die-leichtest-schultasche-am-markt","status":"publish","type":"post","link":"https:\/\/kofferwelt.at\/blog\/ergobag-cubo-light-derzeit-die-leichtest-schultasche-am-markt\/","title":{"rendered":"Ergobag Cubo Light"},"content":{"rendered":"<h3>Derzeit die leichteste Schultasche auf dem Markt<\/h3>\n<p>Schluss mit dem Gejammere <em>\u201eDiese Schultasche ist aber zu schwer f\u00fcr mein Kind\u201c<\/em> und den traurigen Kinderaugen, wenn sie auf ihren geliebten Ergobag verzichten m\u00fcssen, weil sie noch zu klein daf\u00fcr sind. Nicht jedes Kind hat zu Schulbeginn die gleiche Gr\u00f6\u00dfe. Manche Kinder sind eben zierlicher und bisher war es f\u00fcr diese Kinder ein Problem, eine Ergobag Schultasche zu tragen. Mit nur 780g Eigengewicht will Ergobag diese Saison mit dem neuen Modell<a href=\"https:\/\/kofferwelt.at\/schultaschen\/ergobag\/ergobag-cubo-light\/\"> \u201eCubo light\u201c<\/a> durchstarten.<\/p>\n<h3>Wie hat Ergobag diese gewaltige Gewichtsreduktion von 1100g auf 780g geschafft?<\/h3>\n<p>Der Cubo light hat ein neues R\u00fcckensystem mit gepolsterten und in der H\u00f6he verstellbaren Schultertr\u00e4gern. Durch eine spezielle Fiberglas-Aufspanntechnik ist der Schultaschenr\u00fccken stabil und leicht zu gleich. Dieses <em>\u201eHugging-System\u201c<\/em> spart \u00fcber 300g ein. Somit schafft es Ergobag die derzeit leichteste Schultasche am Markt zu produzieren.<\/p>\n<h3>Ist die Schultasche nun kleiner?<\/h3>\n<p>Nein, nat\u00fcrlich nicht. Da nur das R\u00fcckensystem ver\u00e4ndert wurde, hat sich am Volumen von 19 Litern nichts ge\u00e4ndert. Die Raumaufteilung der Schultasche bietet weiterhin die praktische Organisationsm\u00f6glichkeit, welche wir schon vom <a href=\"https:\/\/kofferwelt.at\/schultaschen\/ergobag\/ergobag-cubo\/\">Standardmodell Ergobag Cubo<\/a> gew\u00f6hnt sind.<\/p>\n","protected":false},"excerpt":{"rendered":"<p>Derzeit die leichteste Schultasche auf dem Markt. Nicht jedes Kind hat zu Schulbeginn die gleiche Gr\u00f6\u00dfe. Manche Kinder sind eben zierlicher und bisher war es f\u00fcr diese Kinder ein Problem, eine Ergobag Schultasche zu tragen. Mit nur 780g Eigengewicht will Ergobag diese Saison mit dem neuen Modell \u201eCubo light\u201c durchstarten.<\/p>\n","protected":false},"author":3,"featured_media":243,"comment_status":"open","ping_status":"closed","sticky":false,"template":"","format":"standard","meta":{"_uag_custom_page_level_css":"","footnotes":""},"categories":[7],"tags":[],"class_list":["post-242","post","type-post","status-publish","format-standard","has-post-thumbnail","hentry","category-schultaschen"],"uagb_featured_image_src":{"full":["https:\/\/kofferwelt.at\/blog\/wp-content\/uploads\/artikelbildcubolight.jpg",500,300,false],"thumbnail":["https:\/\/kofferwelt.at\/blog\/wp-content\/uploads\/artikelbildcubolight-150x150.jpg",150,150,true],"medium":["https:\/\/kofferwelt.at\/blog\/wp-content\/uploads\/artikelbildcubolight-300x180.jpg",300,180,true],"medium_large":["https:\/\/kofferwelt.at\/blog\/wp-content\/uploads\/artikelbildcubolight.jpg",500,300,false],"large":["https:\/\/kofferwelt.at\/blog\/wp-content\/uploads\/artikelbildcubolight.jpg",500,300,false],"1536x1536":["https:\/\/kofferwelt.at\/blog\/wp-content\/uploads\/artikelbildcubolight.jpg",500,300,false],"2048x2048":["https:\/\/kofferwelt.at\/blog\/wp-content\/uploads\/artikelbildcubolight.jpg",500,300,false]},"uagb_author_info":{"display_name":"Kofferwelt","author_link":"https:\/\/kofferwelt.at\/blog\/author\/c-poeltner\/"},"uagb_comment_info":1,"uagb_excerpt":"Derzeit die leichteste Schultasche auf dem Markt. Nicht jedes Kind hat zu Schulbeginn die gleiche Gr\u00f6\u00dfe. Manche Kinder sind eben zierlicher und bisher war es f\u00fcr diese Kinder ein Problem, eine Ergobag Schultasche zu tragen. Mit nur 780g Eigengewicht will Ergobag diese Saison mit dem neuen Modell \u201eCubo light\u201c durchstarten.","_links":{"self":[{"href":"https:\/\/kofferwelt.at\/blog\/wp-json\/wp\/v2\/posts\/242","targetHints":{"allow":["GET"]}}],"collection":[{"href":"https:\/\/kofferwelt.at\/blog\/wp-json\/wp\/v2\/posts"}],"about":[{"href":"https:\/\/kofferwelt.at\/blog\/wp-json\/wp\/v2\/types\/post"}],"author":[{"embeddable":true,"href":"https:\/\/kofferwelt.at\/blog\/wp-json\/wp\/v2\/users\/3"}],"replies":[{"embeddable":true,"href":"https:\/\/kofferwelt.at\/blog\/wp-json\/wp\/v2\/comments?post=242"}],"version-history":[{"count":2,"href":"https:\/\/kofferwelt.at\/blog\/wp-json\/wp\/v2\/posts\/242\/revisions"}],"predecessor-version":[{"id":498,"href":"https:\/\/kofferwelt.at\/blog\/wp-json\/wp\/v2\/posts\/242\/revisions\/498"}],"wp:featuredmedia":[{"embeddable":true,"href":"https:\/\/kofferwelt.at\/blog\/wp-json\/wp\/v2\/media\/243"}],"wp:attachment":[{"href":"https:\/\/kofferwelt.at\/blog\/wp-json\/wp\/v2\/media?parent=242"}],"wp:term":[{"taxonomy":"category","embeddable":true,"href":"https:\/\/kofferwelt.at\/blog\/wp-json\/wp\/v2\/categories?post=242"},{"taxonomy":"post_tag","embeddable":true,"href":"https:\/\/kofferwelt.at\/blog\/wp-json\/wp\/v2\/tags?post=242"}],"curies":[{"name":"wp","href":"https:\/\/api.w.org\/{rel}","templated":true}]}}