{"id":231,"date":"2017-12-28T15:12:52","date_gmt":"2017-12-28T14:12:52","guid":{"rendered":"https:\/\/kofferwelt.at\/blog\/?p=231"},"modified":"2020-01-22T15:56:21","modified_gmt":"2020-01-22T14:56:21","slug":"space","status":"publish","type":"post","link":"https:\/\/kofferwelt.at\/blog\/space\/","title":{"rendered":"Space"},"content":{"rendered":"<h3>Es gibt wieder etwas Neues am Schultaschenmarkt!<\/h3>\n<p><strong>Step by Step<\/strong> erweitert sein Repertoire um das Modell<a href=\"https:\/\/kofferwelt.at\/schultaschen\/Step-by-Step\/space\/\"><strong> \u201eSpace\u201c<\/strong><\/a>. \u00a0Was kann diese Schultasche, was die anderen nicht k\u00f6nnen, fragt man sich\u2026 Das 5-teilige Schultaschen-Set hat zus\u00e4tzlich zur \u00fcblichen Best\u00fcckung (Federpennal, Sch\u00fcttelpennal und Sportbeutel) noch sogenannte <strong>\u201eMagic Mags\u201c<\/strong>. Diese \u201eMagic Mags\u201c sind Magnete, welche sich auf der Vorderseite und auf dem Deckel der Schultasche befinden. Ist man des Motivs \u00fcberdr\u00fcssig, k\u00f6nnen die Magneten entfernt oder durch andere Motive ausgetauscht werden. Zus\u00e4tzlich wird das Design mit einem passenden Anh\u00e4nger abgerundet, der ganz einfach durch eine Lasche im Schultaschen-Inneren befestigt werden kann.<\/p>\n<p>Neben der optischen Innovation \u00fcberzeugt diese Schultasche auch mit einem einzigartigen<strong> h\u00f6henverstellbaren Tragesystem<\/strong>. Die Schultasche l\u00e4sst sich somit ab dem 5. Lebensjahr an jeden Kinderr\u00fccken optimal anpassen und wird somit ein verl\u00e4sslicher Begleiter \u00fcber die gesamte Grundschulzeit.<\/p>\n","protected":false},"excerpt":{"rendered":"<p>Es gibt wieder etwas Neues am Schultaschenmarkt! Step by Step erweitert sein Repertoire um das Modell \u201eSpace\u201c. \u00a0Was kann diese Schultasche, was die anderen nicht k\u00f6nnen, fragt man sich\u2026 Das 5-teilige Schultaschen-Set hat zus\u00e4tzlich zur \u00fcblichen Best\u00fcckung (Federpennal, Sch\u00fcttelpennal und Sportbeutel) noch sogenannte \u201eMagic Mags\u201c. Diese \u201eMagic Mags\u201c sind Magnete, welche sich auf der Vorderseite und auf dem Deckel der Schultasche befinden.<\/p>\n","protected":false},"author":3,"featured_media":233,"comment_status":"open","ping_status":"closed","sticky":false,"template":"","format":"standard","meta":{"_uag_custom_page_level_css":"","footnotes":""},"categories":[7,6],"tags":[],"class_list":["post-231","post","type-post","status-publish","format-standard","has-post-thumbnail","hentry","category-schultaschen","category-stepbystep"],"uagb_featured_image_src":{"full":["https:\/\/kofferwelt.at\/blog\/wp-content\/uploads\/00138945-set.jpg",1100,1100,false],"thumbnail":["https:\/\/kofferwelt.at\/blog\/wp-content\/uploads\/00138945-set-150x150.jpg",150,150,true],"medium":["https:\/\/kofferwelt.at\/blog\/wp-content\/uploads\/00138945-set-300x300.jpg",300,300,true],"medium_large":["https:\/\/kofferwelt.at\/blog\/wp-content\/uploads\/00138945-set-768x768.jpg",768,768,true],"large":["https:\/\/kofferwelt.at\/blog\/wp-content\/uploads\/00138945-set-1024x1024.jpg",1024,1024,true],"1536x1536":["https:\/\/kofferwelt.at\/blog\/wp-content\/uploads\/00138945-set.jpg",1100,1100,false],"2048x2048":["https:\/\/kofferwelt.at\/blog\/wp-content\/uploads\/00138945-set.jpg",1100,1100,false]},"uagb_author_info":{"display_name":"Kofferwelt","author_link":"https:\/\/kofferwelt.at\/blog\/author\/c-poeltner\/"},"uagb_comment_info":0,"uagb_excerpt":"Es gibt wieder etwas Neues am Schultaschenmarkt! Step by Step erweitert sein Repertoire um das Modell \u201eSpace\u201c. \u00a0Was kann diese Schultasche, was die anderen nicht k\u00f6nnen, fragt man sich\u2026 Das 5-teilige Schultaschen-Set hat zus\u00e4tzlich zur \u00fcblichen Best\u00fcckung (Federpennal, Sch\u00fcttelpennal und Sportbeutel) noch sogenannte \u201eMagic Mags\u201c. Diese \u201eMagic Mags\u201c sind Magnete, welche sich auf der Vorderseite&hellip;","_links":{"self":[{"href":"https:\/\/kofferwelt.at\/blog\/wp-json\/wp\/v2\/posts\/231","targetHints":{"allow":["GET"]}}],"collection":[{"href":"https:\/\/kofferwelt.at\/blog\/wp-json\/wp\/v2\/posts"}],"about":[{"href":"https:\/\/kofferwelt.at\/blog\/wp-json\/wp\/v2\/types\/post"}],"author":[{"embeddable":true,"href":"https:\/\/kofferwelt.at\/blog\/wp-json\/wp\/v2\/users\/3"}],"replies":[{"embeddable":true,"href":"https:\/\/kofferwelt.at\/blog\/wp-json\/wp\/v2\/comments?post=231"}],"version-history":[{"count":2,"href":"https:\/\/kofferwelt.at\/blog\/wp-json\/wp\/v2\/posts\/231\/revisions"}],"predecessor-version":[{"id":500,"href":"https:\/\/kofferwelt.at\/blog\/wp-json\/wp\/v2\/posts\/231\/revisions\/500"}],"wp:featuredmedia":[{"embeddable":true,"href":"https:\/\/kofferwelt.at\/blog\/wp-json\/wp\/v2\/media\/233"}],"wp:attachment":[{"href":"https:\/\/kofferwelt.at\/blog\/wp-json\/wp\/v2\/media?parent=231"}],"wp:term":[{"taxonomy":"category","embeddable":true,"href":"https:\/\/kofferwelt.at\/blog\/wp-json\/wp\/v2\/categories?post=231"},{"taxonomy":"post_tag","embeddable":true,"href":"https:\/\/kofferwelt.at\/blog\/wp-json\/wp\/v2\/tags?post=231"}],"curies":[{"name":"wp","href":"https:\/\/api.w.org\/{rel}","templated":true}]}}