{"id":1250,"date":"2021-06-07T16:23:02","date_gmt":"2021-06-07T14:23:02","guid":{"rendered":"https:\/\/kofferwelt.at\/blog\/?p=1250"},"modified":"2021-06-07T18:27:24","modified_gmt":"2021-06-07T16:27:24","slug":"eastpak-robust-vielseitig-zuverlaessig-rucksack-einmaleins","status":"publish","type":"post","link":"https:\/\/kofferwelt.at\/blog\/eastpak-robust-vielseitig-zuverlaessig-rucksack-einmaleins\/","title":{"rendered":"Eastpak: robust, vielseitig, zuverl\u00e4ssig &#8211; Rucksack Einmaleins"},"content":{"rendered":"\n<p>Der US-amerikanische Hersteller <strong>Eastpak<\/strong> fertigt seit dem Jahr 1952 vor allem Taschen, trendige Rucks\u00e4cke und robustes Reisegep\u00e4ck. Der endg\u00fcltige Durchbruch gelang dem Unternehmen 1976 mit der Einf\u00fchrung eines speziellen Rucksacks f\u00fcr Studenten.<\/p>\n\n\n\n<p>Die in zahlreichen Farbt\u00f6nen und Mustern angebotenen Rucks\u00e4cke z\u00e4hlen zu den bekanntesten Produkten von Eastpak, die durch ihre Robustheit, Zuverl\u00e4ssigkeit und Vielseitigkeit \u00fcberzeugen. Weitere n\u00fctzliche und komfortable Merkmale der Modelle sind zum Beispiel gepolsterte Tragegurte, regengesch\u00fctzte Rei\u00dfverschl\u00fcsse, platzspendende Haupt- und Nebenf\u00e4cher, eine Lasche und\/oder Tragegriff und als Erweiterung speziell gepolsterte Laptopf\u00e4cher.<\/p>\n\n\n\n<p>Eastpak bietet Ihnen damit eine gro\u00dfe Auswahl an vielen verschiedenen Modellen f\u00fcr Schule, Studium, Beruf und Freizeit. In Kombination mit dem stets trendigen Design und der ausgezeichneten Funktionalit\u00e4t stellt ein Rucksack von Eastpak den idealen Begleiter f\u00fcr Sch\u00fcler und Studenten dar.<\/p>\n\n\n\n<div style=\"height:50px\" aria-hidden=\"true\" class=\"wp-block-spacer\"><\/div>\n\n\n\n<h2 class=\"wp-block-heading\"><strong>Eastpak &#8211; EVANZ Rucksack<\/strong><\/h2>\n\n\n\n<p>Das Modell <strong>Evanz<\/strong> aus wasserabweisendem Triple-Denim-Stoff (Polyester) bietet mehrere Taschen und breiten Stauraum (knapp 30 Liter Fassungsverm\u00f6gen) f\u00fcr den Einsatz im anspruchsvollen Alltag. Es beherbergt zwei Hauptf\u00e4cher, eine gro\u00dfe Rei\u00dfverschluss-Front und ein gepolstertes Laptop-Fach f\u00fcr Modelle bis 16 Zoll inklusive einer im Inneren integrierten Netztasche, die f\u00fcr einen sicheren Transport und Aufbewahrung sorgt.<\/p>\n\n\n\n<section class=\"wp-block-uagb-columns uagb-columns__wrap uagb-columns__background-undefined uagb-columns__stack-mobile uagb-columns__valign-undefined uagb-columns__gap-10 alignundefined uagb-block-6639dd58\"><div class=\"uagb-columns__overlay\"><\/div><div class=\"uagb-columns__inner-wrap uagb-columns__columns-4\">\n<div class=\"wp-block-uagb-column uagb-column__wrap uagb-column__background-undefined uagb-block-02193c8e\"><div class=\"uagb-column__overlay\"><\/div><div class=\"uagb-column__inner-wrap\">\n<figure class=\"wp-block-image size-large\"><img loading=\"lazy\" decoding=\"async\" width=\"600\" height=\"600\" src=\"https:\/\/kofferwelt.at\/blog\/wp-content\/uploads\/EK000221_79X_AUTH_UC112177_mHigh.jpg\" alt=\"\" class=\"wp-image-1427\" srcset=\"https:\/\/kofferwelt.at\/blog\/wp-content\/uploads\/EK000221_79X_AUTH_UC112177_mHigh.jpg 600w, https:\/\/kofferwelt.at\/blog\/wp-content\/uploads\/EK000221_79X_AUTH_UC112177_mHigh-300x300.jpg 300w, https:\/\/kofferwelt.at\/blog\/wp-content\/uploads\/EK000221_79X_AUTH_UC112177_mHigh-150x150.jpg 150w\" sizes=\"auto, (max-width: 600px) 100vw, 600px\" \/><\/figure>\n<\/div><\/div>\n\n\n\n<div class=\"wp-block-uagb-column uagb-column__wrap uagb-column__background-undefined uagb-block-353174ff\"><div class=\"uagb-column__overlay\"><\/div><div class=\"uagb-column__inner-wrap\">\n<figure class=\"wp-block-image size-large\"><img loading=\"lazy\" decoding=\"async\" width=\"600\" height=\"600\" src=\"https:\/\/kofferwelt.at\/blog\/wp-content\/uploads\/EK000221_363_ALT003_UC82601_mMid.jpg\" alt=\"\" class=\"wp-image-1428\" srcset=\"https:\/\/kofferwelt.at\/blog\/wp-content\/uploads\/EK000221_363_ALT003_UC82601_mMid.jpg 600w, https:\/\/kofferwelt.at\/blog\/wp-content\/uploads\/EK000221_363_ALT003_UC82601_mMid-300x300.jpg 300w, https:\/\/kofferwelt.at\/blog\/wp-content\/uploads\/EK000221_363_ALT003_UC82601_mMid-150x150.jpg 150w\" sizes=\"auto, (max-width: 600px) 100vw, 600px\" \/><\/figure>\n<\/div><\/div>\n\n\n\n<div class=\"wp-block-uagb-column uagb-column__wrap uagb-column__background-undefined uagb-block-d773da1d\"><div class=\"uagb-column__overlay\"><\/div><div class=\"uagb-column__inner-wrap\">\n<figure class=\"wp-block-image size-large\"><img loading=\"lazy\" decoding=\"async\" width=\"350\" height=\"350\" src=\"https:\/\/kofferwelt.at\/blog\/wp-content\/uploads\/EK000221_07I_ALT002_UC38620_mMid.jpg\" alt=\"\" class=\"wp-image-1429\" srcset=\"https:\/\/kofferwelt.at\/blog\/wp-content\/uploads\/EK000221_07I_ALT002_UC38620_mMid.jpg 350w, https:\/\/kofferwelt.at\/blog\/wp-content\/uploads\/EK000221_07I_ALT002_UC38620_mMid-300x300.jpg 300w, https:\/\/kofferwelt.at\/blog\/wp-content\/uploads\/EK000221_07I_ALT002_UC38620_mMid-150x150.jpg 150w\" sizes=\"auto, (max-width: 350px) 100vw, 350px\" \/><\/figure>\n<\/div><\/div>\n\n\n\n<div class=\"wp-block-uagb-column uagb-column__wrap uagb-column__background-undefined uagb-block-1772e92e\"><div class=\"uagb-column__overlay\"><\/div><div class=\"uagb-column__inner-wrap\">\n<figure class=\"wp-block-image size-large\"><img loading=\"lazy\" decoding=\"async\" width=\"600\" height=\"600\" src=\"https:\/\/kofferwelt.at\/blog\/wp-content\/uploads\/EK000221_77H_ALT006_UC107542_mMid.jpg\" alt=\"\" class=\"wp-image-1430\" srcset=\"https:\/\/kofferwelt.at\/blog\/wp-content\/uploads\/EK000221_77H_ALT006_UC107542_mMid.jpg 600w, https:\/\/kofferwelt.at\/blog\/wp-content\/uploads\/EK000221_77H_ALT006_UC107542_mMid-300x300.jpg 300w, https:\/\/kofferwelt.at\/blog\/wp-content\/uploads\/EK000221_77H_ALT006_UC107542_mMid-150x150.jpg 150w\" sizes=\"auto, (max-width: 600px) 100vw, 600px\" \/><\/figure>\n<\/div><\/div>\n<\/div><\/section>\n\n\n\n<p>Weitere n\u00fctzliche Details sind ein verstellbarer Brustgurt, ein seitlicher Flaschenhalter mit Netzeinsatz und ein zus\u00e4tzliches Rei\u00dfverschlussfach mit einem Einschubfach sowie Stifte- und Schl\u00fcsselhalter. Rucks\u00e4cke aus der Modellreihe Evanz (Breite: 29 cm, H\u00f6he: 52 cm, Tiefe: 19 cm) bieten Ihnen dank der wattierten R\u00fcckenpartie und den gepolsterten Schultergurten durchg\u00e4ngigen Tragekomfort f\u00fcr den allt\u00e4glichen Einsatz in Schule, Beruf und Studium.<\/p>\n\n\n\n<div class=\"wp-block-uagb-icon-list uagb-icon-list__outer-wrap uagb-icon-list__layout-horizontal uagb-block-40271e0c\"><div class=\"uagb-icon-list__wrap\">\n<div class=\"wp-block-uagb-icon-list-child uagb-icon-list-repeater uagb-icon-list__wrapper uagb-block-f74fbb53\"><a target=\"_blank\" aria-label=\"Evanz Rucks\u00e4cke\" rel=\"noopener noreferrer\" href=\"https:\/\/kofferwelt.at\/hersteller\/eastpak\/evanz\/\"><\/a><div class=\"uagb-icon-list__content-wrap\"><span class=\"uagb-icon-list__source-wrap\"><span class=\"uagb-icon-list__source-icon\"><svg xmlns=\"http:\/\/www.w3.org\/2000\/svg\" viewbox=\"0 0 512 512\"><path d=\"M432,320H400a16,16,0,0,0-16,16V448H64V128H208a16,16,0,0,0,16-16V80a16,16,0,0,0-16-16H48A48,48,0,0,0,0,112V464a48,48,0,0,0,48,48H400a48,48,0,0,0,48-48V336A16,16,0,0,0,432,320ZM488,0h-128c-21.37,0-32.05,25.91-17,41l35.73,35.73L135,320.37a24,24,0,0,0,0,34L157.67,377a24,24,0,0,0,34,0L435.28,133.32,471,169c15,15,41,4.5,41-17V24A24,24,0,0,0,488,0Z\"><\/path><\/svg><\/span><\/span><div class=\"uagb-icon-list__label-wrap\"><span class=\"uagb-icon-list__label\">Evanz Rucks\u00e4cke<\/span><\/div><\/div><\/div>\n<\/div><\/div>\n\n\n\n<div style=\"height:54px\" aria-hidden=\"true\" class=\"wp-block-spacer\"><\/div>\n\n\n\n<h2 class=\"wp-block-heading\"><strong>Eastpak &#8211; Padded Rucksack<\/strong><\/h2>\n\n\n\n<p>Der fast schon legend\u00e4re <strong>Padded<\/strong> (B: 30cm, H: 41, T: 18) von Eastpak ist mit Style designt und f\u00fcr maximalen Komfort ausgelegt. Durch seine Handlichkeit, Stabilit\u00e4t und zahlreichen Qualit\u00e4tsmerkmalen stellt er den idealen Begleiter im Alltag dar.<\/p>\n\n\n\n<section class=\"wp-block-uagb-columns uagb-columns__wrap uagb-columns__background-undefined uagb-columns__stack-mobile uagb-columns__valign-undefined uagb-columns__gap-10 alignundefined uagb-block-ad2af07e\"><div class=\"uagb-columns__overlay\"><\/div><div class=\"uagb-columns__inner-wrap uagb-columns__columns-4\">\n<div class=\"wp-block-uagb-column uagb-column__wrap uagb-column__background-undefined uagb-block-e9585080\"><div class=\"uagb-column__overlay\"><\/div><div class=\"uagb-column__inner-wrap\">\n<figure class=\"wp-block-image size-large\"><img loading=\"lazy\" decoding=\"async\" width=\"600\" height=\"600\" src=\"https:\/\/kofferwelt.at\/blog\/wp-content\/uploads\/EK0A5B74_008_AUTH_UC143598_mMid.jpg\" alt=\"\" class=\"wp-image-1424\" srcset=\"https:\/\/kofferwelt.at\/blog\/wp-content\/uploads\/EK0A5B74_008_AUTH_UC143598_mMid.jpg 600w, https:\/\/kofferwelt.at\/blog\/wp-content\/uploads\/EK0A5B74_008_AUTH_UC143598_mMid-300x300.jpg 300w, https:\/\/kofferwelt.at\/blog\/wp-content\/uploads\/EK0A5B74_008_AUTH_UC143598_mMid-150x150.jpg 150w\" sizes=\"auto, (max-width: 600px) 100vw, 600px\" \/><\/figure>\n<\/div><\/div>\n\n\n\n<div class=\"wp-block-uagb-column uagb-column__wrap uagb-column__background-undefined uagb-block-bd8de832\"><div class=\"uagb-column__overlay\"><\/div><div class=\"uagb-column__inner-wrap\">\n<figure class=\"wp-block-image size-large\"><img loading=\"lazy\" decoding=\"async\" width=\"1024\" height=\"1024\" src=\"https:\/\/kofferwelt.at\/blog\/wp-content\/uploads\/EK000620_J06_ALT009_1-1024x1024.jpg\" alt=\"\" class=\"wp-image-1421\" srcset=\"https:\/\/kofferwelt.at\/blog\/wp-content\/uploads\/EK000620_J06_ALT009_1-1024x1024.jpg 1024w, https:\/\/kofferwelt.at\/blog\/wp-content\/uploads\/EK000620_J06_ALT009_1-300x300.jpg 300w, https:\/\/kofferwelt.at\/blog\/wp-content\/uploads\/EK000620_J06_ALT009_1-150x150.jpg 150w, https:\/\/kofferwelt.at\/blog\/wp-content\/uploads\/EK000620_J06_ALT009_1-768x768.jpg 768w, https:\/\/kofferwelt.at\/blog\/wp-content\/uploads\/EK000620_J06_ALT009_1-1536x1536.jpg 1536w, https:\/\/kofferwelt.at\/blog\/wp-content\/uploads\/EK000620_J06_ALT009_1.jpg 1800w\" sizes=\"auto, (max-width: 1024px) 100vw, 1024px\" \/><\/figure>\n<\/div><\/div>\n\n\n\n<div class=\"wp-block-uagb-column uagb-column__wrap uagb-column__background-undefined uagb-block-018d2607\"><div class=\"uagb-column__overlay\"><\/div><div class=\"uagb-column__inner-wrap\">\n<figure class=\"wp-block-image size-large\"><img loading=\"lazy\" decoding=\"async\" width=\"600\" height=\"600\" src=\"https:\/\/kofferwelt.at\/blog\/wp-content\/uploads\/EK0A5B74_008_ALT010_UC146229_mMid.jpg\" alt=\"\" class=\"wp-image-1423\" srcset=\"https:\/\/kofferwelt.at\/blog\/wp-content\/uploads\/EK0A5B74_008_ALT010_UC146229_mMid.jpg 600w, https:\/\/kofferwelt.at\/blog\/wp-content\/uploads\/EK0A5B74_008_ALT010_UC146229_mMid-300x300.jpg 300w, https:\/\/kofferwelt.at\/blog\/wp-content\/uploads\/EK0A5B74_008_ALT010_UC146229_mMid-150x150.jpg 150w\" sizes=\"auto, (max-width: 600px) 100vw, 600px\" \/><\/figure>\n<\/div><\/div>\n\n\n\n<div class=\"wp-block-uagb-column uagb-column__wrap uagb-column__background-undefined uagb-block-16e010c5\"><div class=\"uagb-column__overlay\"><\/div><div class=\"uagb-column__inner-wrap\">\n<figure class=\"wp-block-image size-large\"><img loading=\"lazy\" decoding=\"async\" width=\"1024\" height=\"1024\" src=\"https:\/\/kofferwelt.at\/blog\/wp-content\/uploads\/EK000620_G55_ALT002_1-1024x1024.jpg\" alt=\"\" class=\"wp-image-1425\" srcset=\"https:\/\/kofferwelt.at\/blog\/wp-content\/uploads\/EK000620_G55_ALT002_1-1024x1024.jpg 1024w, https:\/\/kofferwelt.at\/blog\/wp-content\/uploads\/EK000620_G55_ALT002_1-300x300.jpg 300w, https:\/\/kofferwelt.at\/blog\/wp-content\/uploads\/EK000620_G55_ALT002_1-150x150.jpg 150w, https:\/\/kofferwelt.at\/blog\/wp-content\/uploads\/EK000620_G55_ALT002_1-768x768.jpg 768w, https:\/\/kofferwelt.at\/blog\/wp-content\/uploads\/EK000620_G55_ALT002_1-1536x1536.jpg 1536w, https:\/\/kofferwelt.at\/blog\/wp-content\/uploads\/EK000620_G55_ALT002_1.jpg 1800w\" sizes=\"auto, (max-width: 1024px) 100vw, 1024px\" \/><\/figure>\n<\/div><\/div>\n<\/div><\/section>\n\n\n\n<p>Das gesamte Fassungsverm\u00f6gen (circa 25 Liter) \u00fcberzeugt durch ein durchdachtes Stauraumkonzept mit einem gro\u00dfen Hauptfach (passend f\u00fcr A4-Ordner), einer aufgesetzten Fronttasche mit einem Rei\u00dfverschluss sowie reflektierenden B\u00e4ndern, verstellbaren Tragegurten, einer bequem gepolsterten R\u00fcckenpartie und gepolsterten Schulterriemen mit einer speziellen Anti-Rutsch-Beschichtung.<\/p>\n\n\n\n<div class=\"wp-block-uagb-icon-list uagb-icon-list__outer-wrap uagb-icon-list__layout-horizontal uagb-block-cbf0065d\"><div class=\"uagb-icon-list__wrap\">\n<div class=\"wp-block-uagb-icon-list-child uagb-icon-list-repeater uagb-icon-list__wrapper uagb-block-1b3ffb82\"><a target=\"_blank\" aria-label=\"Padded Rucks\u00e4cke\" rel=\"noopener noreferrer\" href=\"https:\/\/kofferwelt.at\/hersteller\/eastpak\/padded\/\"><\/a><div class=\"uagb-icon-list__content-wrap\"><span class=\"uagb-icon-list__source-wrap\"><span class=\"uagb-icon-list__source-icon\"><svg xmlns=\"http:\/\/www.w3.org\/2000\/svg\" viewbox=\"0 0 512 512\"><path d=\"M432,320H400a16,16,0,0,0-16,16V448H64V128H208a16,16,0,0,0,16-16V80a16,16,0,0,0-16-16H48A48,48,0,0,0,0,112V464a48,48,0,0,0,48,48H400a48,48,0,0,0,48-48V336A16,16,0,0,0,432,320ZM488,0h-128c-21.37,0-32.05,25.91-17,41l35.73,35.73L135,320.37a24,24,0,0,0,0,34L157.67,377a24,24,0,0,0,34,0L435.28,133.32,471,169c15,15,41,4.5,41-17V24A24,24,0,0,0,488,0Z\"><\/path><\/svg><\/span><\/span><div class=\"uagb-icon-list__label-wrap\"><span class=\"uagb-icon-list__label\">Padded Rucks\u00e4cke<\/span><\/div><\/div><\/div>\n<\/div><\/div>\n\n\n\n<div style=\"height:50px\" aria-hidden=\"true\" class=\"wp-block-spacer\"><\/div>\n\n\n\n<h2 class=\"wp-block-heading\"><strong>Eastpak &#8211; Tutor Rucksack<\/strong><\/h2>\n\n\n\n<p>Mit dem <strong>Tutor<\/strong> von Eastpak (H\u00f6he: 48cm, Breite: 33, Tiefe: 26) erhalten Sie einen praktischen Rucksack mit besonders gro\u00dfem Stauraum und einer ergonomischen Konstruktion f\u00fcr durchg\u00e4ngigen Tragekomfort. Zwei Hauptf\u00e4cher mit Rei\u00dfverschluss, ein gepolstertes Laptopfach mit seitlichem Eingriff, eine Vortasche sowie diverse Steckf\u00e4cher bieten Ihnen ausreichend Raum (insgesamt 39 Liter) f\u00fcr Gegenst\u00e4nde und Utensilien jeglicher Art.<\/p>\n\n\n\n<section class=\"wp-block-uagb-columns uagb-columns__wrap uagb-columns__background-undefined uagb-columns__stack-mobile uagb-columns__valign-undefined uagb-columns__gap-10 alignundefined uagb-block-598cc31e\"><div class=\"uagb-columns__overlay\"><\/div><div class=\"uagb-columns__inner-wrap uagb-columns__columns-4\">\n<div class=\"wp-block-uagb-column uagb-column__wrap uagb-column__background-undefined uagb-block-adcb8660\"><div class=\"uagb-column__overlay\"><\/div><div class=\"uagb-column__inner-wrap\">\n<figure class=\"wp-block-image size-large\"><img loading=\"lazy\" decoding=\"async\" width=\"600\" height=\"600\" src=\"https:\/\/kofferwelt.at\/blog\/wp-content\/uploads\/EK000955_363_ALT005_UC34258_mMid.jpg\" alt=\"\" class=\"wp-image-1416\" srcset=\"https:\/\/kofferwelt.at\/blog\/wp-content\/uploads\/EK000955_363_ALT005_UC34258_mMid.jpg 600w, https:\/\/kofferwelt.at\/blog\/wp-content\/uploads\/EK000955_363_ALT005_UC34258_mMid-300x300.jpg 300w, https:\/\/kofferwelt.at\/blog\/wp-content\/uploads\/EK000955_363_ALT005_UC34258_mMid-150x150.jpg 150w\" sizes=\"auto, (max-width: 600px) 100vw, 600px\" \/><\/figure>\n<\/div><\/div>\n\n\n\n<div class=\"wp-block-uagb-column uagb-column__wrap uagb-column__background-undefined uagb-block-6f454101\"><div class=\"uagb-column__overlay\"><\/div><div class=\"uagb-column__inner-wrap\">\n<figure class=\"wp-block-image size-large\"><img loading=\"lazy\" decoding=\"async\" width=\"600\" height=\"600\" src=\"https:\/\/kofferwelt.at\/blog\/wp-content\/uploads\/EK000955_008_ALT009_UC66955_mMid.jpg\" alt=\"\" class=\"wp-image-1417\" srcset=\"https:\/\/kofferwelt.at\/blog\/wp-content\/uploads\/EK000955_008_ALT009_UC66955_mMid.jpg 600w, https:\/\/kofferwelt.at\/blog\/wp-content\/uploads\/EK000955_008_ALT009_UC66955_mMid-300x300.jpg 300w, https:\/\/kofferwelt.at\/blog\/wp-content\/uploads\/EK000955_008_ALT009_UC66955_mMid-150x150.jpg 150w\" sizes=\"auto, (max-width: 600px) 100vw, 600px\" \/><\/figure>\n<\/div><\/div>\n\n\n\n<div class=\"wp-block-uagb-column uagb-column__wrap uagb-column__background-undefined uagb-block-cd2a9e47\"><div class=\"uagb-column__overlay\"><\/div><div class=\"uagb-column__inner-wrap\">\n<figure class=\"wp-block-image size-large\"><img loading=\"lazy\" decoding=\"async\" width=\"600\" height=\"600\" src=\"https:\/\/kofferwelt.at\/blog\/wp-content\/uploads\/EK000955_26W_ALT002_UC95383_mMid.jpg\" alt=\"\" class=\"wp-image-1418\" srcset=\"https:\/\/kofferwelt.at\/blog\/wp-content\/uploads\/EK000955_26W_ALT002_UC95383_mMid.jpg 600w, https:\/\/kofferwelt.at\/blog\/wp-content\/uploads\/EK000955_26W_ALT002_UC95383_mMid-300x300.jpg 300w, https:\/\/kofferwelt.at\/blog\/wp-content\/uploads\/EK000955_26W_ALT002_UC95383_mMid-150x150.jpg 150w\" sizes=\"auto, (max-width: 600px) 100vw, 600px\" \/><\/figure>\n<\/div><\/div>\n\n\n\n<div class=\"wp-block-uagb-column uagb-column__wrap uagb-column__background-undefined uagb-block-63ee2d7f\"><div class=\"uagb-column__overlay\"><\/div><div class=\"uagb-column__inner-wrap\">\n<figure class=\"wp-block-image size-large\"><img loading=\"lazy\" decoding=\"async\" width=\"600\" height=\"600\" src=\"https:\/\/kofferwelt.at\/blog\/wp-content\/uploads\/EK000955_363_ALT003_UC34260_mMid.jpg\" alt=\"\" class=\"wp-image-1419\" srcset=\"https:\/\/kofferwelt.at\/blog\/wp-content\/uploads\/EK000955_363_ALT003_UC34260_mMid.jpg 600w, https:\/\/kofferwelt.at\/blog\/wp-content\/uploads\/EK000955_363_ALT003_UC34260_mMid-300x300.jpg 300w, https:\/\/kofferwelt.at\/blog\/wp-content\/uploads\/EK000955_363_ALT003_UC34260_mMid-150x150.jpg 150w\" sizes=\"auto, (max-width: 600px) 100vw, 600px\" \/><\/figure>\n<\/div><\/div>\n<\/div><\/section>\n\n\n\n<p>Weitere Features sind die gummierte und stabil gepolsterte Bodenplatte speziell f\u00fcr B\u00fccher, ein seitliches Netz-Fach f\u00fcr eine Trinkflasche, gepolsterte Trageriemen, ein Brustgurt f\u00fcr ein besonders sicheres Tragegef\u00fchl und ein praktischer Tragegriff. Ein komfortabler wie gleichzeitig zweckm\u00e4\u00dfiger Multitasking-Rucksack mit variablem Organizer und einer hervorragenden Gewichtsverteilung auch bei schweren Lasten und Inhalten.<\/p>\n\n\n\n<div class=\"wp-block-uagb-icon-list uagb-icon-list__outer-wrap uagb-icon-list__layout-horizontal uagb-block-34524f0a\"><div class=\"uagb-icon-list__wrap\">\n<div class=\"wp-block-uagb-icon-list-child uagb-icon-list-repeater uagb-icon-list__wrapper uagb-block-9665d07e\"><a target=\"_blank\" aria-label=\"Tutor Rucks\u00e4cke\" rel=\"noopener noreferrer\" href=\"https:\/\/kofferwelt.at\/hersteller\/eastpak\/tutor\/\"><\/a><div class=\"uagb-icon-list__content-wrap\"><span class=\"uagb-icon-list__source-wrap\"><span class=\"uagb-icon-list__source-icon\"><svg xmlns=\"http:\/\/www.w3.org\/2000\/svg\" viewbox=\"0 0 512 512\"><path d=\"M432,320H400a16,16,0,0,0-16,16V448H64V128H208a16,16,0,0,0,16-16V80a16,16,0,0,0-16-16H48A48,48,0,0,0,0,112V464a48,48,0,0,0,48,48H400a48,48,0,0,0,48-48V336A16,16,0,0,0,432,320ZM488,0h-128c-21.37,0-32.05,25.91-17,41l35.73,35.73L135,320.37a24,24,0,0,0,0,34L157.67,377a24,24,0,0,0,34,0L435.28,133.32,471,169c15,15,41,4.5,41-17V24A24,24,0,0,0,488,0Z\"><\/path><\/svg><\/span><\/span><div class=\"uagb-icon-list__label-wrap\"><span class=\"uagb-icon-list__label\">Tutor Rucks\u00e4cke<\/span><\/div><\/div><\/div>\n<\/div><\/div>\n\n\n\n<div style=\"height:50px\" aria-hidden=\"true\" class=\"wp-block-spacer\"><\/div>\n\n\n\n<h2 class=\"wp-block-heading\"><strong>Eastpak &#8211; Leatherface Reisetasche<\/strong><\/h2>\n\n\n\n<p>Die leichte und handliche <strong>Leatherface<\/strong> Reisetasche von Eastpak aus 100% Polyester eignet sich hervorragend f\u00fcr Tagestouren, Wochenendtrips oder mehrt\u00e4gige \u00dcberlandreisen. Sie bietet ein ger\u00e4umiges Hauptfach mit einfacher und bequemer 2-Wege-Rei\u00dfverschluss\u00f6ffnung, Vordertaschen sowie Rei\u00dfverschluss-Innentaschen und somit ausreichend Stauraum f\u00fcr das transportierte Reisegep\u00e4ck.<\/p>\n\n\n\n<section class=\"wp-block-uagb-columns uagb-columns__wrap uagb-columns__background-undefined uagb-columns__stack-mobile uagb-columns__valign-undefined uagb-columns__gap-10 alignundefined uagb-block-fe7dda13\"><div class=\"uagb-columns__overlay\"><\/div><div class=\"uagb-columns__inner-wrap uagb-columns__columns-4\">\n<div class=\"wp-block-uagb-column uagb-column__wrap uagb-column__background-undefined uagb-block-50e3eb0a\"><div class=\"uagb-column__overlay\"><\/div><div class=\"uagb-column__inner-wrap\">\n<figure class=\"wp-block-image size-large\"><img loading=\"lazy\" decoding=\"async\" width=\"600\" height=\"600\" src=\"https:\/\/kofferwelt.at\/blog\/wp-content\/uploads\/EK00033E_008_AUTH_UC113587_mMid.jpg\" alt=\"\" class=\"wp-image-1437\" srcset=\"https:\/\/kofferwelt.at\/blog\/wp-content\/uploads\/EK00033E_008_AUTH_UC113587_mMid.jpg 600w, https:\/\/kofferwelt.at\/blog\/wp-content\/uploads\/EK00033E_008_AUTH_UC113587_mMid-300x300.jpg 300w, https:\/\/kofferwelt.at\/blog\/wp-content\/uploads\/EK00033E_008_AUTH_UC113587_mMid-150x150.jpg 150w\" sizes=\"auto, (max-width: 600px) 100vw, 600px\" \/><\/figure>\n<\/div><\/div>\n\n\n\n<div class=\"wp-block-uagb-column uagb-column__wrap uagb-column__background-undefined uagb-block-c51ea115\"><div class=\"uagb-column__overlay\"><\/div><div class=\"uagb-column__inner-wrap\">\n<figure class=\"wp-block-image size-large\"><img loading=\"lazy\" decoding=\"async\" width=\"600\" height=\"600\" src=\"https:\/\/kofferwelt.at\/blog\/wp-content\/uploads\/EK00031E_008_ALT006_UC111662_mMid.jpg\" alt=\"\" class=\"wp-image-1433\" srcset=\"https:\/\/kofferwelt.at\/blog\/wp-content\/uploads\/EK00031E_008_ALT006_UC111662_mMid.jpg 600w, https:\/\/kofferwelt.at\/blog\/wp-content\/uploads\/EK00031E_008_ALT006_UC111662_mMid-300x300.jpg 300w, https:\/\/kofferwelt.at\/blog\/wp-content\/uploads\/EK00031E_008_ALT006_UC111662_mMid-150x150.jpg 150w\" sizes=\"auto, (max-width: 600px) 100vw, 600px\" \/><\/figure>\n<\/div><\/div>\n\n\n\n<div class=\"wp-block-uagb-column uagb-column__wrap uagb-column__background-undefined uagb-block-ea4a7c73\"><div class=\"uagb-column__overlay\"><\/div><div class=\"uagb-column__inner-wrap\">\n<figure class=\"wp-block-image size-large\"><img loading=\"lazy\" decoding=\"async\" width=\"600\" height=\"600\" src=\"https:\/\/kofferwelt.at\/blog\/wp-content\/uploads\/EK00031E_008_ALT007_UC111661_mMid.jpg\" alt=\"\" class=\"wp-image-1434\" srcset=\"https:\/\/kofferwelt.at\/blog\/wp-content\/uploads\/EK00031E_008_ALT007_UC111661_mMid.jpg 600w, https:\/\/kofferwelt.at\/blog\/wp-content\/uploads\/EK00031E_008_ALT007_UC111661_mMid-300x300.jpg 300w, https:\/\/kofferwelt.at\/blog\/wp-content\/uploads\/EK00031E_008_ALT007_UC111661_mMid-150x150.jpg 150w\" sizes=\"auto, (max-width: 600px) 100vw, 600px\" \/><\/figure>\n<\/div><\/div>\n\n\n\n<div class=\"wp-block-uagb-column uagb-column__wrap uagb-column__background-undefined uagb-block-93e1a550\"><div class=\"uagb-column__overlay\"><\/div><div class=\"uagb-column__inner-wrap\">\n<figure class=\"wp-block-image size-large\"><img loading=\"lazy\" decoding=\"async\" width=\"600\" height=\"600\" src=\"https:\/\/kofferwelt.at\/blog\/wp-content\/uploads\/EK00033E_008_ALT002_UC113588_mMid.jpg\" alt=\"\" class=\"wp-image-1435\" srcset=\"https:\/\/kofferwelt.at\/blog\/wp-content\/uploads\/EK00033E_008_ALT002_UC113588_mMid.jpg 600w, https:\/\/kofferwelt.at\/blog\/wp-content\/uploads\/EK00033E_008_ALT002_UC113588_mMid-300x300.jpg 300w, https:\/\/kofferwelt.at\/blog\/wp-content\/uploads\/EK00033E_008_ALT002_UC113588_mMid-150x150.jpg 150w\" sizes=\"auto, (max-width: 600px) 100vw, 600px\" \/><\/figure>\n<\/div><\/div>\n<\/div><\/section>\n\n\n\n<p>Die gepolsterten Tragegriffe und das geschmeidige Rollsystem erm\u00f6glichen einen komfortablen Transport w\u00e4hrend der gesamten Reisezeit. Die Reisetasche mit Trolley-Funktion ist robust, verf\u00fcgt \u00fcber ein abschlie\u00dfbares Hauptfach und einen ausfahr- und h\u00f6henverstellbaren Teleskopgriff.<\/p>\n\n\n\n<p>Das Modell ist mit diversen F\u00e4chern in unterschiedlichen Gr\u00f6\u00dfen ausgestattet. Es bietet ein Fach innen mit Klettverschluss f\u00fcr Wertsachen wie die Geldb\u00f6rse, den Reisepass oder das Smartphone. An der Vorderseite befindet sich ein kleines Rei\u00dfverschlussfach f\u00fcr Brillenetuis, kleine Kosmetikbeutel oder Schminktaschen.<\/p>\n\n\n\n<p>Zwei Au\u00dfenf\u00e4cher mit einem jeweils u-f\u00f6rmigen Verschluss k\u00f6nnen als Platz f\u00fcr Sportschuhe oder Sneaker, W\u00e4sche oder Basecaps genutzt werden. Das robuste und widerstandsf\u00e4hige Gewebe und die leicht biegsame Bodenplatte sorgen f\u00fcr Schutz, Belastbarkeit und Formstabilit\u00e4t.<\/p>\n\n\n\n<p>Die Reisetasche punktet dank ihres geringen Eigengewichtes und d\u00fcnnen Au\u00dfenmaterials, das ihr gegen\u00fcber anderen Koffern oder Trolleys dieser Gr\u00f6\u00dfe entscheidende Gewichtsvorteile beschert und so zum Beispiel bei Flugreisen einen Vorteil bieten kann. Die bequemen Rollen sowie der komfortable Teleskopgriff sorgen f\u00fcr einen reibungslosen Transport mit einer guten Man\u00f6vrierbarkeit. Der Griff l\u00e4sst sich bei Nichtgebrauch in einem speziellen Fach mit einem Rei\u00dfverschluss schnell und platzg\u00fcnstig versenken.<\/p>\n\n\n\n<p>Zus\u00e4tzlich zu den Rollen f\u00fcr die Trolley-Funktion ist sie mit zwei Tragegurten ausgestattet, die eine Anwendung und Transport als Rucksack erm\u00f6glichen.<\/p>\n\n\n\n<div class=\"wp-block-uagb-icon-list uagb-icon-list__outer-wrap uagb-icon-list__layout-horizontal uagb-block-7d020e00\"><div class=\"uagb-icon-list__wrap\">\n<div class=\"wp-block-uagb-icon-list-child uagb-icon-list-repeater uagb-icon-list__wrapper uagb-block-d6739ad7\"><a target=\"_blank\" aria-label=\"Leatherface Reisetaschen\" rel=\"noopener noreferrer\" href=\"https:\/\/kofferwelt.at\/hersteller\/eastpak\/leatherface\/\"><\/a><div class=\"uagb-icon-list__content-wrap\"><span class=\"uagb-icon-list__source-wrap\"><span class=\"uagb-icon-list__source-icon\"><svg xmlns=\"http:\/\/www.w3.org\/2000\/svg\" viewbox=\"0 0 512 512\"><path d=\"M432,320H400a16,16,0,0,0-16,16V448H64V128H208a16,16,0,0,0,16-16V80a16,16,0,0,0-16-16H48A48,48,0,0,0,0,112V464a48,48,0,0,0,48,48H400a48,48,0,0,0,48-48V336A16,16,0,0,0,432,320ZM488,0h-128c-21.37,0-32.05,25.91-17,41l35.73,35.73L135,320.37a24,24,0,0,0,0,34L157.67,377a24,24,0,0,0,34,0L435.28,133.32,471,169c15,15,41,4.5,41-17V24A24,24,0,0,0,488,0Z\"><\/path><\/svg><\/span><\/span><div class=\"uagb-icon-list__label-wrap\"><span class=\"uagb-icon-list__label\">Leatherface Reisetaschen<\/span><\/div><\/div><\/div>\n<\/div><\/div>\n\n\n\n<div style=\"height:100px\" aria-hidden=\"true\" class=\"wp-block-spacer\"><\/div>\n\n\n\n<h2 class=\"wp-block-heading\"><strong>Wie lange hat man auf Eastpak Produkte Garantie?<\/strong><\/h2>\n\n\n\n<p>Eastpak unterschiedle Garantie Regelungen. Auf Sonderprodukte z.B. limitierte Produkte, Modestoffe gew\u00e4hrt Eastpak<strong> 2 Jahre Garantie. <\/strong><\/p>\n\n\n\n<p>In der Regel bietet Eastpak, neben der gesetzlichen Garantie, im Fall von Material- und Herstellungsfehlern eine beschr\u00e4nkte Standardgarantiezeit von<strong> 30 Jahren auf alle Serienprodukte<\/strong>. Darunter fallen Rucks\u00e4cke, Taschen und Gep\u00e4ck. <\/p>\n\n\n\n<p>Sollten M\u00e4ngel auftreten, wird Eastpak den betreffenden Artikel reparieren oder ersetzten. <a href=\"https:\/\/www.eastpak.com\/at-de\/warranty\/\" target=\"_blank\" rel=\"noreferrer noopener\">Mehr Infos finden Sie hier. <\/a><\/p>\n\n\n\n<div style=\"height:50px\" aria-hidden=\"true\" class=\"wp-block-spacer\"><\/div>\n\n\n\n<h2 class=\"wp-block-heading\"><strong>Welchen Eastpak Rucksack f\u00fcr die Schule?<\/strong><\/h2>\n\n\n\n<p>Der beste Rucksack ist der Tutor f\u00fcr die Schule. Er bietet viel Platz ( 39 Liter Volumen + Erweiterungsm\u00f6glichkeit auf 43 Liter)<\/p>\n\n\n\n<ul class=\"wp-block-list\"><li>Platz f\u00fcr einen 15 Zoll Laptop (Gepolstert)<\/li><li>Gewicht 1200g<\/li><\/ul>\n\n\n\n<div class=\"wp-block-uagb-icon-list uagb-icon-list__outer-wrap uagb-icon-list__layout-vertical uagb-block-a91abfc0\"><div class=\"uagb-icon-list__wrap\"><\/div><\/div>\n\n\n\n<div style=\"height:50px\" aria-hidden=\"true\" class=\"wp-block-spacer\"><\/div>\n\n\n\n<h2 class=\"wp-block-heading\"><strong>Wie viel kostet ein Eastpak Rucksack?<\/strong><\/h2>\n\n\n\n<p>Die Preise k\u00f6nnen sehr stark Variieren. <strong>Im Schnitt muss man mit 50 &#8211; 115 \u20ac rechnen. <\/strong><\/p>\n\n\n\n<div style=\"height:50px\" aria-hidden=\"true\" class=\"wp-block-spacer\"><\/div>\n\n\n\n<h2 class=\"wp-block-heading\"><strong>Wie viel Liter passen in einen Eastpak? <\/strong><\/h2>\n\n\n\n<p>Eastpak hat Rucks\u00e4cke von einer Bandbreite von 16 Liter bis zu 40 Liter im Sortiment. <\/p>\n\n\n\n<p>Bei den klassischen Modellen wie dem Tutor hat man 39 Liter platz.<\/p>\n\n\n\n<div style=\"height:50px\" aria-hidden=\"true\" class=\"wp-block-spacer\"><\/div>\n\n\n\n<h2 class=\"wp-block-heading\"><strong>Ist ein Eastpak wasserdicht? <\/strong><\/h2>\n\n\n\n<p><strong>Die Rucks\u00e4cke sind prinzipiell wasserfest, aber nicht wasserdicht.<\/strong> Mithilfe einer Schutzschicht auf der R\u00fcckseite (Innen) der Taschen wird der Schutzfaktor nochmals deutlich erh\u00f6ht. Wichtig ist immer den ZIPP mit den Laschen zu bedecken! <\/p>\n\n\n\n<div style=\"height:50px\" aria-hidden=\"true\" class=\"wp-block-spacer\"><\/div>\n\n\n\n<h2 class=\"wp-block-heading\"><strong>Wo kann ich einen Eastpak kaufen? <\/strong><\/h2>\n\n\n\n<p>Neben unserem<a href=\"https:\/\/kofferwelt.at\/hersteller\/eastpak\/\"> Online-Sortiment<\/a> haben eine gro\u00dfer Auswahl an verschiedenen Produkten in unserem Store (H\u00fctteldorferstra\u00dfe 135, 1140 Wien) vorr\u00e4tig. <\/p>\n\n\n\n<div style=\"height:50px\" aria-hidden=\"true\" class=\"wp-block-spacer\"><\/div>\n\n\n\n<h2 class=\"wp-block-heading\"><strong>Wie reinigt man einen Eastpak? <\/strong><\/h2>\n\n\n\n<p>Stofftaschen (=Rucks\u00e4cke, Taschen und Reisetaschen) k\u00f6nnen mit einem feuchten Tuch oder Wasser mit neutraler Seife geputzt werden. WICHTIG! Nicht in der Waschmaschine waschen nur per Hand. <\/p>\n","protected":false},"excerpt":{"rendered":"<p>Der US-amerikanische Hersteller Eastpak fertigt seit dem Jahr 1952 vor allem Taschen, trendige Rucks\u00e4cke und robustes Reisegep\u00e4ck. Der endg\u00fcltige Durchbruch gelang dem Unternehmen 1976 mit der Einf\u00fchrung eines speziellen Rucksacks f\u00fcr Studenten. Die in zahlreichen Farbt\u00f6nen und Mustern angebotenen Rucks\u00e4cke z\u00e4hlen zu den bekanntesten Produkten von Eastpak, die durch ihre Robustheit, Zuverl\u00e4ssigkeit und Vielseitigkeit \u00fcberzeugen. &#8230; <a title=\"Eastpak: robust, vielseitig, zuverl\u00e4ssig &#8211; Rucksack Einmaleins\" class=\"read-more\" href=\"https:\/\/kofferwelt.at\/blog\/eastpak-robust-vielseitig-zuverlaessig-rucksack-einmaleins\/\" aria-label=\"Mehr Informationen \u00fcber Eastpak: robust, vielseitig, zuverl\u00e4ssig &#8211; Rucksack Einmaleins\">Weiterlesen<\/a><\/p>\n","protected":false},"author":5,"featured_media":1262,"comment_status":"closed","ping_status":"closed","sticky":false,"template":"","format":"standard","meta":{"_uag_custom_page_level_css":"","footnotes":""},"categories":[14],"tags":[],"class_list":["post-1250","post","type-post","status-publish","format-standard","has-post-thumbnail","hentry","category-tipps"],"uagb_featured_image_src":{"full":["https:\/\/kofferwelt.at\/blog\/wp-content\/uploads\/ergobag.schultaschen-1.jpg",1024,512,false],"thumbnail":["https:\/\/kofferwelt.at\/blog\/wp-content\/uploads\/ergobag.schultaschen-1-150x150.jpg",150,150,true],"medium":["https:\/\/kofferwelt.at\/blog\/wp-content\/uploads\/ergobag.schultaschen-1-300x150.jpg",300,150,true],"medium_large":["https:\/\/kofferwelt.at\/blog\/wp-content\/uploads\/ergobag.schultaschen-1-768x384.jpg",768,384,true],"large":["https:\/\/kofferwelt.at\/blog\/wp-content\/uploads\/ergobag.schultaschen-1.jpg",1024,512,false],"1536x1536":["https:\/\/kofferwelt.at\/blog\/wp-content\/uploads\/ergobag.schultaschen-1.jpg",1024,512,false],"2048x2048":["https:\/\/kofferwelt.at\/blog\/wp-content\/uploads\/ergobag.schultaschen-1.jpg",1024,512,false]},"uagb_author_info":{"display_name":"Luk","author_link":"https:\/\/kofferwelt.at\/blog\/author\/lukas\/"},"uagb_comment_info":0,"uagb_excerpt":"Der US-amerikanische Hersteller Eastpak fertigt seit dem Jahr 1952 vor allem Taschen, trendige Rucks\u00e4cke und robustes Reisegep\u00e4ck. Der endg\u00fcltige Durchbruch gelang dem Unternehmen 1976 mit der Einf\u00fchrung eines speziellen Rucksacks f\u00fcr Studenten. Die in zahlreichen Farbt\u00f6nen und Mustern angebotenen Rucks\u00e4cke z\u00e4hlen zu den bekanntesten Produkten von Eastpak, die durch ihre Robustheit, Zuverl\u00e4ssigkeit und Vielseitigkeit \u00fcberzeugen.&hellip;","_links":{"self":[{"href":"https:\/\/kofferwelt.at\/blog\/wp-json\/wp\/v2\/posts\/1250","targetHints":{"allow":["GET"]}}],"collection":[{"href":"https:\/\/kofferwelt.at\/blog\/wp-json\/wp\/v2\/posts"}],"about":[{"href":"https:\/\/kofferwelt.at\/blog\/wp-json\/wp\/v2\/types\/post"}],"author":[{"embeddable":true,"href":"https:\/\/kofferwelt.at\/blog\/wp-json\/wp\/v2\/users\/5"}],"replies":[{"embeddable":true,"href":"https:\/\/kofferwelt.at\/blog\/wp-json\/wp\/v2\/comments?post=1250"}],"version-history":[{"count":1,"href":"https:\/\/kofferwelt.at\/blog\/wp-json\/wp\/v2\/posts\/1250\/revisions"}],"predecessor-version":[{"id":1442,"href":"https:\/\/kofferwelt.at\/blog\/wp-json\/wp\/v2\/posts\/1250\/revisions\/1442"}],"wp:featuredmedia":[{"embeddable":true,"href":"https:\/\/kofferwelt.at\/blog\/wp-json\/wp\/v2\/media\/1262"}],"wp:attachment":[{"href":"https:\/\/kofferwelt.at\/blog\/wp-json\/wp\/v2\/media?parent=1250"}],"wp:term":[{"taxonomy":"category","embeddable":true,"href":"https:\/\/kofferwelt.at\/blog\/wp-json\/wp\/v2\/categories?post=1250"},{"taxonomy":"post_tag","embeddable":true,"href":"https:\/\/kofferwelt.at\/blog\/wp-json\/wp\/v2\/tags?post=1250"}],"curies":[{"name":"wp","href":"https:\/\/api.w.org\/{rel}","templated":true}]}}